{"id":89317,"date":"2026-03-10T22:10:05","date_gmt":"2026-03-10T21:10:05","guid":{"rendered":"https:\/\/www.zum-wildbach.de\/nyheder\/bekraeftelse-paa-kontinuitet-og-kvalitet-holidaycheck-award-2026"},"modified":"2026-03-10T22:15:00","modified_gmt":"2026-03-10T21:15:00","slug":"bekraeftelse-paa-kontinuitet-og-kvalitet-holidaycheck-award-2026","status":"publish","type":"post","link":"https:\/\/www.zum-wildbach.de\/da\/nyheder\/bekraeftelse-paa-kontinuitet-og-kvalitet-holidaycheck-award-2026","title":{"rendered":"Bekr\u00e6ftelse p\u00e5 kontinuitet og kvalitet: HolidayCheck Award&nbsp;2026"},"content":{"rendered":"\n<p class=\"has-medium-font-size\">Es ist eine Auszei\u00adchnung, die wir auch in diesem Jahr wieder mit Stolz entge\u00adgen\u00adgenom\u00admen haben: <strong>Die Ferienan\u00adlage Zum Wildbach geh\u00f6rt laut Holiday\u00adCheck erneut zu den belieb\u00adte\u00adsten Unterk\u00fcnften.<\/strong><\/p>\n\n<figure class=\"wp-block-image size-large\"><img decoding=\"async\" width=\"997\" height=\"1024\" src=\"https:\/\/www.zum-wildbach.de\/wp-content\/uploads\/2026\/03\/verleihung_holidaycheckaward_2026_schierke_harz-997x1024.jpg\" alt=\"Overr\u00e6kkelse af HolidayCheck Award 2026 i Schierke\" class=\"wp-image-89313\" srcset=\"https:\/\/www.zum-wildbach.de\/wp-content\/uploads\/2026\/03\/verleihung_holidaycheckaward_2026_schierke_harz-997x1024.jpg 997w, https:\/\/www.zum-wildbach.de\/wp-content\/uploads\/2026\/03\/verleihung_holidaycheckaward_2026_schierke_harz-292x300.jpg 292w, https:\/\/www.zum-wildbach.de\/wp-content\/uploads\/2026\/03\/verleihung_holidaycheckaward_2026_schierke_harz-768x789.jpg 768w, https:\/\/www.zum-wildbach.de\/wp-content\/uploads\/2026\/03\/verleihung_holidaycheckaward_2026_schierke_harz-113x116.jpg 113w, https:\/\/www.zum-wildbach.de\/wp-content\/uploads\/2026\/03\/verleihung_holidaycheckaward_2026_schierke_harz.jpg 1440w\" sizes=\"(max-width: 997px) 100vw, 997px\"><\/figure>\n\n<p>Prisen for 2026 marke\u00adrer en s\u00e6rlig milep\u00e6l for vores sted. Det er femte gang i tr\u00e6k, at vores arbejde er blevet s\u00e5 positivt bed\u00f8mt p\u00e5 denne platform. Denne serie \u2013 fra 2022 til i dag \u2013 er ikke en selvf\u00f8lge for os, men en v\u00e6rdi\u00adfuld bekr\u00e6f\u00adtelse p\u00e5, at vores fokus p\u00e5 g\u00e6stfri\u00adhed og service har en varig effekt.&nbsp;<\/p>\n\n<p>At opn\u00e5 og fastholde et s\u00e5dant niveau over en periode p\u00e5 fem \u00e5r kr\u00e6ver daglig p\u00e5lide\u00adlig\u00adhed. Denne succes er et direkte resul\u00adtat af vores medar\u00adbej\u00adde\u00adres engage\u00adment, som hver dag profes\u00adsio\u00adnelt og med hjerte s\u00f8rger for, at ophol\u00addet hos os forl\u00f8\u00adber gnidnings\u00adfrit. Denne konstans er en teampr\u00e6station.&nbsp;<\/p>\n\n<figure class=\"wp-block-image alignright size-full is-resized\"><img decoding=\"async\" width=\"995\" height=\"976\" src=\"https:\/\/www.zum-wildbach.de\/wp-content\/uploads\/2026\/03\/holiday-check-award-2026.webp\" alt=\"HolidayCheck 2026 Award udm\u00e6rkelsesskilt\" class=\"wp-image-89314\" style=\"width:200px\" srcset=\"https:\/\/www.zum-wildbach.de\/wp-content\/uploads\/2026\/03\/holiday-check-award-2026.webp 995w, https:\/\/www.zum-wildbach.de\/wp-content\/uploads\/2026\/03\/holiday-check-award-2026-300x294.webp 300w, https:\/\/www.zum-wildbach.de\/wp-content\/uploads\/2026\/03\/holiday-check-award-2026-768x753.webp 768w, https:\/\/www.zum-wildbach.de\/wp-content\/uploads\/2026\/03\/holiday-check-award-2026-118x116.webp 118w\" sizes=\"(max-width: 995px) 100vw, 995px\"><\/figure>\n\n<p>Holiday\u00adCheck Award er direkte baseret p\u00e5 ferie\u00adg\u00e6\u00adster\u00adnes erfarin\u00adger. Vi ser derfor denne pris som et \u00e6rligt spejl af g\u00e6ste\u00adtil\u00adfreds\u00adhe\u00adden. Vi takker jer for den tillid, I har vist os gennem de seneste \u00e5r, og for den tid, I har brugt p\u00e5 at give en anmel\u00addelse. Jeres feedback er vores vigtig\u00adste indika\u00adtor for fortsat at v\u00e6re jeres p\u00e5lide\u00adlige v\u00e6rt i Schierke.&nbsp;<\/p>\n\n<p>Vi gl\u00e6der os til den kommende s\u00e6son med&nbsp;jer.<\/p>\n","protected":false},"excerpt":{"rendered":"<p>Es ist eine Auszei\u00adchnung, die wir auch in diesem Jahr wieder mit Stolz entge\u00adgen\u00adgenom\u00admen haben: Die Ferienan\u00adlage Zum Wildbach geh\u00f6rt laut Holiday\u00adCheck erneut zu den belieb\u00adte\u00adsten Unter\u00adk\u00fcnf\u00adten. Prisen for 2026 marke\u00adrer en s\u00e6rlig milep\u00e6l for vores sted. Det er femte gang i tr\u00e6k, at vores arbejde er blevet s\u00e5 positivt bed\u00f8mt p\u00e5 denne platform. Denne&nbsp;[\u2026]<\/p>\n","protected":false},"author":1,"featured_media":89323,"comment_status":"closed","ping_status":"closed","sticky":false,"template":"","format":"standard","meta":{"tpgb_global_settings":"","_seopress_robots_primary_cat":"none","_seopress_titles_title":"HolidayCheck Award 2026 til Zum Wildbach i Schierke","_seopress_titles_desc":"For femte gang i tr\u00e6k modtager ferieanl\u00e6gget Zum Wildbach HolidayCheck Award \u2013 et tegn p\u00e5 h\u00f8jeste g\u00e6stetilfredshed.","_seopress_robots_index":"","_eb_attr":"","wp_typography_post_enhancements_disabled":false,"iawp_total_views":0,"footnotes":""},"categories":[74],"tags":[],"class_list":{"0":"post-89317","1":"post","2":"type-post","3":"status-publish","4":"format-standard","5":"has-post-thumbnail","7":"category-nyheder"},"blocksy_meta":[],"tpgb_featured_images":{"full":["https:\/\/www.zum-wildbach.de\/wp-content\/uploads\/2026\/03\/verleihung_holidaycheckaward_2026_schierke_harz.jpg",1440,1479,false],"tp-image-grid":["https:\/\/www.zum-wildbach.de\/wp-content\/uploads\/2026\/03\/verleihung_holidaycheckaward_2026_schierke_harz-700x700.jpg",700,700,true],"thumbnail":["https:\/\/www.zum-wildbach.de\/wp-content\/uploads\/2026\/03\/verleihung_holidaycheckaward_2026_schierke_harz-150x150.jpg",150,150,true],"medium":["https:\/\/www.zum-wildbach.de\/wp-content\/uploads\/2026\/03\/verleihung_holidaycheckaward_2026_schierke_harz-292x300.jpg",292,300,true],"medium_large":["https:\/\/www.zum-wildbach.de\/wp-content\/uploads\/2026\/03\/verleihung_holidaycheckaward_2026_schierke_harz-768x789.jpg",768,789,true],"large":["https:\/\/www.zum-wildbach.de\/wp-content\/uploads\/2026\/03\/verleihung_holidaycheckaward_2026_schierke_harz-997x1024.jpg",997,1024,true],"default":"https:\/\/www.zum-wildbach.de\/wp-content\/plugins\/the-plus-addons-for-block-editor\/assets\/images\/tpgb-placeholder.jpg"},"tpgb_post_meta_info":{"get_date":"10. marts 2026","get_modified_date":"10. marts 2026","category_list":{"category":[{"term_id":74,"name":"Nyheder","slug":"nyheder","term_group":0,"term_taxonomy_id":74,"taxonomy":"category","description":"","parent":0,"count":13,"filter":"raw","term_order":"0"}],"post_tag":false},"author_name":"Torsten Wagner","author_url":"https:\/\/www.zum-wildbach.de\/da\/author\/torsten","author_email":"admin@wagnergraphics.de","author_website":"https:\/\/www.zum-wildbach.de","author_description":"","author_facebook":"","author_twitter":"","author_instagram":"","author_role":["administrator"],"author_firstname":"Torsten","author_lastname":"Wagner","user_login":"Torsten","comment_count":0,"post_likes":0,"post_views":0},"tpgb_post_category":{"category":"<a href=\"https:\/\/www.zum-wildbach.de\/da\/nyheder\" alt=\"Nyheder\"  class=\"category-nyheder\">Nyheder<\/a> "},"_links":{"self":[{"href":"https:\/\/www.zum-wildbach.de\/da\/wp-json\/wp\/v2\/posts\/89317","targetHints":{"allow":["GET"]}}],"collection":[{"href":"https:\/\/www.zum-wildbach.de\/da\/wp-json\/wp\/v2\/posts"}],"about":[{"href":"https:\/\/www.zum-wildbach.de\/da\/wp-json\/wp\/v2\/types\/post"}],"author":[{"embeddable":true,"href":"https:\/\/www.zum-wildbach.de\/da\/wp-json\/wp\/v2\/users\/1"}],"replies":[{"embeddable":true,"href":"https:\/\/www.zum-wildbach.de\/da\/wp-json\/wp\/v2\/comments?post=89317"}],"version-history":[{"count":4,"href":"https:\/\/www.zum-wildbach.de\/da\/wp-json\/wp\/v2\/posts\/89317\/revisions"}],"predecessor-version":[{"id":89342,"href":"https:\/\/www.zum-wildbach.de\/da\/wp-json\/wp\/v2\/posts\/89317\/revisions\/89342"}],"wp:featuredmedia":[{"embeddable":true,"href":"https:\/\/www.zum-wildbach.de\/da\/wp-json\/wp\/v2\/media\/89323"}],"wp:attachment":[{"href":"https:\/\/www.zum-wildbach.de\/da\/wp-json\/wp\/v2\/media?parent=89317"}],"wp:term":[{"taxonomy":"category","embeddable":true,"href":"https:\/\/www.zum-wildbach.de\/da\/wp-json\/wp\/v2\/categories?post=89317"},{"taxonomy":"post_tag","embeddable":true,"href":"https:\/\/www.zum-wildbach.de\/da\/wp-json\/wp\/v2\/tags?post=89317"}],"curies":[{"name":"wp","href":"https:\/\/api.w.org\/{rel}","templated":true}]}}